{"id":1277,"date":"2020-06-01T07:29:15","date_gmt":"2020-06-01T07:29:15","guid":{"rendered":"https:\/\/belgrains.com\/?p=1277"},"modified":"2020-05-31T20:34:05","modified_gmt":"2020-05-31T20:34:05","slug":"covid-19-resiliencia-estrategica-operativa-y-financiera","status":"publish","type":"post","link":"https:\/\/belgrains.com\/es\/covid-19-resiliencia-estrategica-operativa-y-financiera\/","title":{"rendered":"Covid-19: resiliencia estrat\u00e9gica, operativa y financiera"},"content":{"rendered":"<p>La presencia del Covid-19 en el mundo oblig\u00f3 a todos los sectores a repensar las estrategias de crecimiento planificadas. Lo proyectado para este a\u00f1o debi\u00f3 ser sometido a un proceso de revisi\u00f3n dada la din\u00e1mica de los cambios en cada proveedor, en cada cliente y en cada consumidor.<\/p>\n<p>Ese proceso nos llev\u00f3 a trabajar fuertemente en la sinergia PREPARACI\u00d3N &#8211; RESPUESTA \u2013 RECUPERACI\u00d3N. Es un camino arduo pero estamos seguros de que en \u00e9l radica la resiliencia estrat\u00e9gica, operativa y financiera a los riesgos globales, necesaria para un crecimiento genuino.<\/p>\n<p>Continuamos, de forma comprometida, atentos a los acuerdos comerciales y plazos de ejecuci\u00f3n, conscientes de la importancia de cumplir y respetar cada una de las medidas de prevenci\u00f3n dispuestas para para cuidarnos entre todos.<\/p>\n<p>En Belgrains somos conscientes de la importancia que tiene comunicar lo que hacemos y c\u00f3mo lo hacemos para crear puentes que generen un sabio intercambio.<\/p>\n","protected":false},"excerpt":{"rendered":"<p>La presencia del Covid-19 en el mundo oblig\u00f3 a todos los sectores a repensar las estrategias de crecimiento planificadas. Lo proyectado para este a\u00f1o debi\u00f3 ser sometido a un proceso de revisi\u00f3n dada la din\u00e1mica de los cambios en cada proveedor, en cada cliente y en cada consumidor.<\/p>\n","protected":false},"author":1,"featured_media":0,"comment_status":"closed","ping_status":"closed","sticky":false,"template":"","format":"standard","meta":{"footnotes":""},"categories":[1],"tags":[],"class_list":["post-1277","post","type-post","status-publish","format-standard","hentry","category-newsroom"],"yoast_head":"<!-- This site is optimized with the Yoast SEO plugin v27.4 - https:\/\/yoast.com\/product\/yoast-seo-wordpress\/ -->\n<title>Covid-19: resiliencia estrat\u00e9gica, operativa y financiera - Belgrains<\/title>\n<meta name=\"robots\" content=\"index, follow, max-snippet:-1, max-image-preview:large, max-video-preview:-1\" \/>\n<link rel=\"canonical\" href=\"https:\/\/belgrains.com\/es\/covid-19-resiliencia-estrategica-operativa-y-financiera\/\" \/>\n<meta property=\"og:locale\" content=\"es_ES\" \/>\n<meta property=\"og:type\" content=\"article\" \/>\n<meta property=\"og:title\" content=\"Covid-19: resiliencia estrat\u00e9gica, operativa y financiera - Belgrains\" \/>\n<meta property=\"og:description\" content=\"La presencia del Covid-19 en el mundo oblig\u00f3 a todos los sectores a repensar las estrategias de crecimiento planificadas. Lo proyectado para este a\u00f1o debi\u00f3 ser sometido a un proceso de revisi\u00f3n dada la din\u00e1mica de los cambios en cada proveedor, en cada cliente y en cada consumidor.\" \/>\n<meta property=\"og:url\" content=\"https:\/\/belgrains.com\/es\/covid-19-resiliencia-estrategica-operativa-y-financiera\/\" \/>\n<meta property=\"og:site_name\" content=\"Belgrains\" \/>\n<meta property=\"article:published_time\" content=\"2020-06-01T07:29:15+00:00\" \/>\n<meta name=\"author\" content=\"belgrainsAdmin\" \/>\n<meta name=\"twitter:card\" content=\"summary_large_image\" \/>\n<meta name=\"twitter:label1\" content=\"Escrito por\" \/>\n\t<meta name=\"twitter:data1\" content=\"belgrainsAdmin\" \/>\n\t<meta name=\"twitter:label2\" content=\"Tiempo de lectura\" \/>\n\t<meta name=\"twitter:data2\" content=\"1 minuto\" \/>\n<script type=\"application\/ld+json\" class=\"yoast-schema-graph\">{\"@context\":\"https:\\\/\\\/schema.org\",\"@graph\":[{\"@type\":\"Article\",\"@id\":\"https:\\\/\\\/belgrains.com\\\/es\\\/covid-19-resiliencia-estrategica-operativa-y-financiera\\\/#article\",\"isPartOf\":{\"@id\":\"https:\\\/\\\/belgrains.com\\\/es\\\/covid-19-resiliencia-estrategica-operativa-y-financiera\\\/\"},\"author\":{\"name\":\"belgrainsAdmin\",\"@id\":\"https:\\\/\\\/belgrains.com\\\/es\\\/#\\\/schema\\\/person\\\/2d4bc0ff824be10b1260656204c4a6ac\"},\"headline\":\"Covid-19: resiliencia estrat\u00e9gica, operativa y financiera\",\"datePublished\":\"2020-06-01T07:29:15+00:00\",\"mainEntityOfPage\":{\"@id\":\"https:\\\/\\\/belgrains.com\\\/es\\\/covid-19-resiliencia-estrategica-operativa-y-financiera\\\/\"},\"wordCount\":164,\"articleSection\":[\"Newsroom\"],\"inLanguage\":\"es\"},{\"@type\":\"WebPage\",\"@id\":\"https:\\\/\\\/belgrains.com\\\/es\\\/covid-19-resiliencia-estrategica-operativa-y-financiera\\\/\",\"url\":\"https:\\\/\\\/belgrains.com\\\/es\\\/covid-19-resiliencia-estrategica-operativa-y-financiera\\\/\",\"name\":\"Covid-19: resiliencia estrat\u00e9gica, operativa y financiera - Belgrains\",\"isPartOf\":{\"@id\":\"https:\\\/\\\/belgrains.com\\\/es\\\/#website\"},\"datePublished\":\"2020-06-01T07:29:15+00:00\",\"author\":{\"@id\":\"https:\\\/\\\/belgrains.com\\\/es\\\/#\\\/schema\\\/person\\\/2d4bc0ff824be10b1260656204c4a6ac\"},\"breadcrumb\":{\"@id\":\"https:\\\/\\\/belgrains.com\\\/es\\\/covid-19-resiliencia-estrategica-operativa-y-financiera\\\/#breadcrumb\"},\"inLanguage\":\"es\",\"potentialAction\":[{\"@type\":\"ReadAction\",\"target\":[\"https:\\\/\\\/belgrains.com\\\/es\\\/covid-19-resiliencia-estrategica-operativa-y-financiera\\\/\"]}]},{\"@type\":\"BreadcrumbList\",\"@id\":\"https:\\\/\\\/belgrains.com\\\/es\\\/covid-19-resiliencia-estrategica-operativa-y-financiera\\\/#breadcrumb\",\"itemListElement\":[{\"@type\":\"ListItem\",\"position\":1,\"name\":\"Home\",\"item\":\"https:\\\/\\\/belgrains.com\\\/es\\\/\"},{\"@type\":\"ListItem\",\"position\":2,\"name\":\"Covid-19: resiliencia estrat\u00e9gica, operativa y financiera\"}]},{\"@type\":\"WebSite\",\"@id\":\"https:\\\/\\\/belgrains.com\\\/es\\\/#website\",\"url\":\"https:\\\/\\\/belgrains.com\\\/es\\\/\",\"name\":\"Belgrains\",\"description\":\"\",\"potentialAction\":[{\"@type\":\"SearchAction\",\"target\":{\"@type\":\"EntryPoint\",\"urlTemplate\":\"https:\\\/\\\/belgrains.com\\\/es\\\/?s={search_term_string}\"},\"query-input\":{\"@type\":\"PropertyValueSpecification\",\"valueRequired\":true,\"valueName\":\"search_term_string\"}}],\"inLanguage\":\"es\"},{\"@type\":\"Person\",\"@id\":\"https:\\\/\\\/belgrains.com\\\/es\\\/#\\\/schema\\\/person\\\/2d4bc0ff824be10b1260656204c4a6ac\",\"name\":\"belgrainsAdmin\",\"image\":{\"@type\":\"ImageObject\",\"inLanguage\":\"es\",\"@id\":\"https:\\\/\\\/secure.gravatar.com\\\/avatar\\\/b1f1e41842b166a1b34a6ed4bf63fda7e874ffe03abe3bacafeefb8cb2bb1438?s=96&d=mm&r=g\",\"url\":\"https:\\\/\\\/secure.gravatar.com\\\/avatar\\\/b1f1e41842b166a1b34a6ed4bf63fda7e874ffe03abe3bacafeefb8cb2bb1438?s=96&d=mm&r=g\",\"contentUrl\":\"https:\\\/\\\/secure.gravatar.com\\\/avatar\\\/b1f1e41842b166a1b34a6ed4bf63fda7e874ffe03abe3bacafeefb8cb2bb1438?s=96&d=mm&r=g\",\"caption\":\"belgrainsAdmin\"},\"url\":\"https:\\\/\\\/belgrains.com\\\/es\\\/author\\\/belgrainsadmin\\\/\"}]}<\/script>\n<!-- \/ Yoast SEO plugin. -->","yoast_head_json":{"title":"Covid-19: resiliencia estrat\u00e9gica, operativa y financiera - Belgrains","robots":{"index":"index","follow":"follow","max-snippet":"max-snippet:-1","max-image-preview":"max-image-preview:large","max-video-preview":"max-video-preview:-1"},"canonical":"https:\/\/belgrains.com\/es\/covid-19-resiliencia-estrategica-operativa-y-financiera\/","og_locale":"es_ES","og_type":"article","og_title":"Covid-19: resiliencia estrat\u00e9gica, operativa y financiera - Belgrains","og_description":"La presencia del Covid-19 en el mundo oblig\u00f3 a todos los sectores a repensar las estrategias de crecimiento planificadas. Lo proyectado para este a\u00f1o debi\u00f3 ser sometido a un proceso de revisi\u00f3n dada la din\u00e1mica de los cambios en cada proveedor, en cada cliente y en cada consumidor.","og_url":"https:\/\/belgrains.com\/es\/covid-19-resiliencia-estrategica-operativa-y-financiera\/","og_site_name":"Belgrains","article_published_time":"2020-06-01T07:29:15+00:00","author":"belgrainsAdmin","twitter_card":"summary_large_image","twitter_misc":{"Escrito por":"belgrainsAdmin","Tiempo de lectura":"1 minuto"},"schema":{"@context":"https:\/\/schema.org","@graph":[{"@type":"Article","@id":"https:\/\/belgrains.com\/es\/covid-19-resiliencia-estrategica-operativa-y-financiera\/#article","isPartOf":{"@id":"https:\/\/belgrains.com\/es\/covid-19-resiliencia-estrategica-operativa-y-financiera\/"},"author":{"name":"belgrainsAdmin","@id":"https:\/\/belgrains.com\/es\/#\/schema\/person\/2d4bc0ff824be10b1260656204c4a6ac"},"headline":"Covid-19: resiliencia estrat\u00e9gica, operativa y financiera","datePublished":"2020-06-01T07:29:15+00:00","mainEntityOfPage":{"@id":"https:\/\/belgrains.com\/es\/covid-19-resiliencia-estrategica-operativa-y-financiera\/"},"wordCount":164,"articleSection":["Newsroom"],"inLanguage":"es"},{"@type":"WebPage","@id":"https:\/\/belgrains.com\/es\/covid-19-resiliencia-estrategica-operativa-y-financiera\/","url":"https:\/\/belgrains.com\/es\/covid-19-resiliencia-estrategica-operativa-y-financiera\/","name":"Covid-19: resiliencia estrat\u00e9gica, operativa y financiera - Belgrains","isPartOf":{"@id":"https:\/\/belgrains.com\/es\/#website"},"datePublished":"2020-06-01T07:29:15+00:00","author":{"@id":"https:\/\/belgrains.com\/es\/#\/schema\/person\/2d4bc0ff824be10b1260656204c4a6ac"},"breadcrumb":{"@id":"https:\/\/belgrains.com\/es\/covid-19-resiliencia-estrategica-operativa-y-financiera\/#breadcrumb"},"inLanguage":"es","potentialAction":[{"@type":"ReadAction","target":["https:\/\/belgrains.com\/es\/covid-19-resiliencia-estrategica-operativa-y-financiera\/"]}]},{"@type":"BreadcrumbList","@id":"https:\/\/belgrains.com\/es\/covid-19-resiliencia-estrategica-operativa-y-financiera\/#breadcrumb","itemListElement":[{"@type":"ListItem","position":1,"name":"Home","item":"https:\/\/belgrains.com\/es\/"},{"@type":"ListItem","position":2,"name":"Covid-19: resiliencia estrat\u00e9gica, operativa y financiera"}]},{"@type":"WebSite","@id":"https:\/\/belgrains.com\/es\/#website","url":"https:\/\/belgrains.com\/es\/","name":"Belgrains","description":"","potentialAction":[{"@type":"SearchAction","target":{"@type":"EntryPoint","urlTemplate":"https:\/\/belgrains.com\/es\/?s={search_term_string}"},"query-input":{"@type":"PropertyValueSpecification","valueRequired":true,"valueName":"search_term_string"}}],"inLanguage":"es"},{"@type":"Person","@id":"https:\/\/belgrains.com\/es\/#\/schema\/person\/2d4bc0ff824be10b1260656204c4a6ac","name":"belgrainsAdmin","image":{"@type":"ImageObject","inLanguage":"es","@id":"https:\/\/secure.gravatar.com\/avatar\/b1f1e41842b166a1b34a6ed4bf63fda7e874ffe03abe3bacafeefb8cb2bb1438?s=96&d=mm&r=g","url":"https:\/\/secure.gravatar.com\/avatar\/b1f1e41842b166a1b34a6ed4bf63fda7e874ffe03abe3bacafeefb8cb2bb1438?s=96&d=mm&r=g","contentUrl":"https:\/\/secure.gravatar.com\/avatar\/b1f1e41842b166a1b34a6ed4bf63fda7e874ffe03abe3bacafeefb8cb2bb1438?s=96&d=mm&r=g","caption":"belgrainsAdmin"},"url":"https:\/\/belgrains.com\/es\/author\/belgrainsadmin\/"}]}},"_links":{"self":[{"href":"https:\/\/belgrains.com\/es\/wp-json\/wp\/v2\/posts\/1277","targetHints":{"allow":["GET"]}}],"collection":[{"href":"https:\/\/belgrains.com\/es\/wp-json\/wp\/v2\/posts"}],"about":[{"href":"https:\/\/belgrains.com\/es\/wp-json\/wp\/v2\/types\/post"}],"author":[{"embeddable":true,"href":"https:\/\/belgrains.com\/es\/wp-json\/wp\/v2\/users\/1"}],"replies":[{"embeddable":true,"href":"https:\/\/belgrains.com\/es\/wp-json\/wp\/v2\/comments?post=1277"}],"version-history":[{"count":2,"href":"https:\/\/belgrains.com\/es\/wp-json\/wp\/v2\/posts\/1277\/revisions"}],"predecessor-version":[{"id":1280,"href":"https:\/\/belgrains.com\/es\/wp-json\/wp\/v2\/posts\/1277\/revisions\/1280"}],"wp:attachment":[{"href":"https:\/\/belgrains.com\/es\/wp-json\/wp\/v2\/media?parent=1277"}],"wp:term":[{"taxonomy":"category","embeddable":true,"href":"https:\/\/belgrains.com\/es\/wp-json\/wp\/v2\/categories?post=1277"},{"taxonomy":"post_tag","embeddable":true,"href":"https:\/\/belgrains.com\/es\/wp-json\/wp\/v2\/tags?post=1277"}],"curies":[{"name":"wp","href":"https:\/\/api.w.org\/{rel}","templated":true}]}}